{"id":75,"date":"2011-07-28T00:00:00","date_gmt":"2011-07-27T23:00:00","guid":{"rendered":"http:\/\/www.fh2mre.ma\/fh2mre_wp\/ar\/2011\/07\/28\/activite-scientifique\/"},"modified":"2021-05-04T00:36:46","modified_gmt":"2021-05-04T00:36:46","slug":"%d8%a7%d9%84%d8%a3%d9%86%d8%b4%d8%b7%d8%a9-%d8%a7%d9%84%d8%b9%d9%84%d9%85%d9%8a%d8%a9","status":"publish","type":"post","link":"https:\/\/www.fh2mre.ma\/ar\/%d8%a7%d9%84%d9%85%d8%a4%d8%b3%d8%b3%d8%a9\/%d8%a7%d9%84%d8%aa%d8%b9%d8%a7%d9%88%d9%86-%d9%88%d8%a7%d9%84%d8%b4%d8%b1%d8%a7%d9%83%d8%a9\/%d8%a7%d9%84%d8%a3%d9%86%d8%b4%d8%b7%d8%a9-%d8%a7%d9%84%d8%b9%d9%84%d9%85%d9%8a%d8%a9\/","title":{"rendered":"\u0627\u0644\u0623\u0646\u0634\u0637\u0629 \u0627\u0644\u0639\u0644\u0645\u064a\u0629"},"content":{"rendered":"<p>\u0646\u0638\u0645\u062a \u0627\u0644\u0645\u0624\u0633\u0633\u0629 \u0639\u062f\u062f\u0627 \u0645\u0646 \u0627\u0644\u062a\u0638\u0627\u0647\u0631\u0627\u062a \u0627\u0644\u0639\u0644\u0645\u064a\u0629\u060c \u0643\u0645\u0627 \u0633\u0627\u0647\u0645\u062a \u0628\u062f\u0639\u0645 \u0645\u0628\u0627\u062f\u0631\u0627\u062a \u0623\u062e\u0631\u0649 \u0641\u064a \u0647\u0630\u0627 \u0627\u0644\u0645\u062c\u0627\u0644 \u0628\u0634\u0631\u0627\u0643\u0629 \u0645\u0639 \u0645\u0624\u0633\u0633\u0627\u062a \u062c\u0627\u0645\u0639\u064a\u0629. \u0648\u0641\u064a \u0647\u0630\u0627 \u0627\u0644\u0635\u062f\u062f \u0646\u0630\u0643\u0631 \u0627\u0644\u0623\u0646\u0634\u0637\u0629 \u0627\u0644\u0639\u0644\u0645\u064a\u0629 \u0627\u0644\u062a\u0627\u0644\u064a\u0629 :<\/p>\n<h4>\u0623-\u0627\u0644\u062d\u0644\u0642\u0627\u062a \u0627\u0644\u062f\u0631\u0627\u0633\u064a\u0629 \u0627\u0644\u0645\u0646\u0638\u0645\u0629 \u0645\u0646 \u0637\u0631\u0641 \u0627\u0644\u0645\u0624\u0633\u0633\u0629:<\/h4>\n<ul>\n<li>\u00ab Les liens interg\u00e9n\u00e9rationnels chez les Marocains en situation migratoire \u00bb, janvier 2013.<\/li>\n<li>\u00ab MRE, Pr\u00e9carit\u00e9 et droits humains \u00bb, (2007)<\/li>\n<li>\u00ab MRE et 3\u00e8me \u00e2ge \u00bb, (2006)<\/li>\n<li>\u00ab La r\u00e9ception du droit marocain de la famille (Moudawana) par l&#8217;ordre juridique europ\u00e9en : probl\u00e8mes et perspectives\u00a0 \u00bb, (2004)<\/li>\n<\/ul>\n<h4>\u0628- \u0627\u0644\u062d\u0644\u0642\u0627\u062a \u0627\u0644\u062f\u0631\u0627\u0633\u064a\u0629 \u0627\u0644\u0645\u062f\u0639\u0648\u0645\u0629 \u0645\u0646 \u0637\u0631\u0641 \u0627\u0644\u0645\u0624\u0633\u0633\u0629:<\/h4>\n<ul>\n<li>\u062f\u0639\u0645 \u0644\u062c\u0645\u0639\u064a\u0629 \u0627\u0644\u062e\u0648\u0627\u0631\u0632\u0645\u064a (\u0627\u0644\u0645\u062f\u0631\u0633\u0629 \u0627\u0644\u0648\u0637\u0646\u064a\u0629 \u0627\u0644\u0639\u0644\u064a\u0627 \u0644\u0644\u0645\u0639\u0644\u0648\u0645\u064a\u0627\u062a \u0648\u062a\u062d\u0644\u064a\u0644 \u0627\u0644\u0623\u0646\u0638\u0645\u0629) (ENSIAS) \u0644\u0623\u062c\u0644 \u062a\u0646\u0638\u064a\u0645 \u0645\u0646\u0627\u0638\u0631\u0629 \u062f\u0648\u0644\u064a\u0629 &#8221; NOTERE 2007&#8243; \u0628\u0645\u0631\u0627\u0643\u0634\u060c \u0648\u0623\u0631\u0628\u0639 \u062d\u0644\u0642\u0627\u062a \u062f\u0631\u0627\u0633\u064a\u0629 \u062d\u0648\u0644 \u0645\u0648\u0636\u0648\u0639 \u00ab S\u00e9curit\u00e9 des Syst\u00e8mes R\u00e9partis : METIS \u00bb\u060c \u0648\u0627\u0644\u062a\u064a \u0634\u0627\u0631\u0643 \u0641\u064a\u0647\u0627 \u0639\u062f\u062f \u0645\u0646 \u0627\u0644\u0623\u0637\u0631 \u0648\u0627\u0644\u0623\u0633\u0627\u062a\u0630\u0629 \u0627\u0644\u0628\u0627\u062d\u062b\u064a\u0646 \u0627\u0644\u0645\u063a\u0627\u0631\u0628\u0629 \u0627\u0644\u0645\u0642\u064a\u0645\u064a\u0646 \u0628\u0627\u0644\u062e\u0627\u0631\u062c (\u0628\u064a\u0646 2007 \u0648 2017).<\/li>\n<li>\u062f\u0639\u0645\u062a \u0627\u0644\u0645\u0624\u0633\u0633\u0629\u060c \u0645\u0646\u0630 2002\u060c \u0627\u0644\u0639\u062f\u064a\u062f \u0645\u0646 \u0627\u0644\u0645\u0646\u0627\u0638\u0631\u0627\u062a \u0627\u0644\u062a\u064a \u064a\u0646\u0638\u0645\u0647\u0627 \u0627\u0644\u0645\u0646\u062a\u062f\u0649 \u0627\u0644\u0628\u0644\u062c\u064a\u0643\u064a-\u0627\u0644\u0645\u063a\u0631\u0628\u064a \u0644\u0644\u062a\u0639\u0627\u0648\u0646 \u0648\u0627\u0644\u062a\u0646\u0645\u064a\u0629 \u0648\u0627\u0644\u062a\u0636\u0627\u0645\u0646 \u0628\u062a\u0627\u0631\u0648\u062f\u0627\u0646\u062a\u060c \u0628\u062d\u0636\u0648\u0631 \u0639\u062f\u062f \u0645\u0646 \u0627\u0644\u0645\u063a\u0627\u0631\u0628\u0629 \u0627\u0644\u0645\u0642\u064a\u0645\u064a\u0646 \u0628\u0627\u0644\u062e\u0627\u0631\u062c \u0648\u0623\u0639\u0636\u0627\u0621 \u0645\u0646 \u0627\u0644\u0645\u062c\u062a\u0645\u0639 \u0627\u0644\u0645\u062f\u0646\u064a \u0628\u0628\u0644\u062c\u064a\u0643\u0627 \u0648\u0627\u0644\u0645\u063a\u0631\u0628.<\/li>\n<li>\u062f\u0639\u0645 \u0644\u0625\u0646\u0634\u0627\u0621 \u0645\u0631\u0643\u0632 \u0644\u0646\u0642\u0644 \u0627\u0644\u062a\u0643\u0646\u0648\u0644\u0648\u062c\u064a\u0627 \u0625\u0644\u0649 \u0627\u0644\u0645\u063a\u0631\u0628 &#8220;Green TIC&#8221; \u0628\u063a\u064a\u0629 \u062a\u0639\u0632\u064a\u0632 \u0627\u0644\u0623\u0646\u0634\u0637\u0629 \u0627\u0644\u062e\u0627\u0635\u0629 \u0628\u0627\u0644\u062a\u0643\u0648\u064a\u0646 \u0648\u0627\u0644\u0628\u062d\u062b \u0648\u062a\u0637\u0648\u064a\u0631 \u062a\u0643\u0646\u0648\u0644\u0648\u062c\u064a\u0627 \u0627\u0644\u0645\u0639\u0644\u0648\u0645\u0627\u062a \u0648\u0627\u0644\u0627\u062a\u0635\u0627\u0644 \u0641\u064a \u0627\u0644\u062c\u0627\u0645\u0639\u0627\u062a \u0627\u0644\u0645\u063a\u0631\u0628\u064a\u0629\u00a0\u060c(2011).<\/li>\n<li>\u00ab Migration maghr\u00e9bine : Enjeux actuels et contentieux \u00bb, Oujda 2001<\/li>\n<li>\u00ab Le mariage mixte dans les relations euro-maghr\u00e9bines \u00bb, Oujda 2002<\/li>\n<li>\u00ab Migrations Sud-Nord : La probl\u00e9matique de l&#8217;exode des comp\u00e9tences \u00bb, en partenariat avec l&#8217;Association Marocaine d&#8217;Etudes et de Recherches sur les Migrations (AMERM), avril 2001<\/li>\n<\/ul>\n","protected":false},"excerpt":{"rendered":"<p>\u0646\u0638\u0645\u062a \u0627\u0644\u0645\u0624\u0633\u0633\u0629 \u0639\u062f\u062f\u0627 \u0645\u0646 \u0627\u0644\u062a\u0638\u0627\u0647\u0631\u0627\u062a \u0627\u0644\u0639\u0644\u0645\u064a\u0629\u060c \u0643\u0645\u0627 \u0633\u0627\u0647\u0645\u062a \u0628\u062f\u0639\u0645 \u0645\u0628\u0627\u062f\u0631\u0627\u062a \u0623\u062e\u0631\u0649 \u0641\u064a \u0647\u0630\u0627 \u0627\u0644\u0645\u062c\u0627\u0644 \u0628\u0634\u0631\u0627\u0643\u0629 \u0645\u0639 \u0645\u0624\u0633\u0633\u0627\u062a \u062c\u0627\u0645\u0639\u064a\u0629. \u0648\u0641\u064a \u0647\u0630\u0627 \u0627\u0644\u0635\u062f\u062f \u0646\u0630\u0643\u0631 \u0627\u0644\u0623\u0646\u0634\u0637\u0629 \u0627\u0644\u0639\u0644\u0645\u064a\u0629 \u0627\u0644\u062a\u0627\u0644\u064a\u0629&#8230;<\/p>\n","protected":false},"author":1,"featured_media":0,"comment_status":"closed","ping_status":"open","sticky":false,"template":"","format":"standard","meta":{"om_disable_all_campaigns":false,"_monsterinsights_skip_tracking":false,"_monsterinsights_sitenote_active":false,"_monsterinsights_sitenote_note":"","_monsterinsights_sitenote_category":0,"footnotes":""},"categories":[12],"tags":[81],"class_list":["post-75","post","type-post","status-publish","format-standard","hentry","category-12","tag-81"],"aioseo_notices":[],"amp_enabled":true,"_links":{"self":[{"href":"https:\/\/www.fh2mre.ma\/ar\/wp-json\/wp\/v2\/posts\/75","targetHints":{"allow":["GET"]}}],"collection":[{"href":"https:\/\/www.fh2mre.ma\/ar\/wp-json\/wp\/v2\/posts"}],"about":[{"href":"https:\/\/www.fh2mre.ma\/ar\/wp-json\/wp\/v2\/types\/post"}],"author":[{"embeddable":true,"href":"https:\/\/www.fh2mre.ma\/ar\/wp-json\/wp\/v2\/users\/1"}],"replies":[{"embeddable":true,"href":"https:\/\/www.fh2mre.ma\/ar\/wp-json\/wp\/v2\/comments?post=75"}],"version-history":[{"count":4,"href":"https:\/\/www.fh2mre.ma\/ar\/wp-json\/wp\/v2\/posts\/75\/revisions"}],"predecessor-version":[{"id":1064,"href":"https:\/\/www.fh2mre.ma\/ar\/wp-json\/wp\/v2\/posts\/75\/revisions\/1064"}],"wp:attachment":[{"href":"https:\/\/www.fh2mre.ma\/ar\/wp-json\/wp\/v2\/media?parent=75"}],"wp:term":[{"taxonomy":"category","embeddable":true,"href":"https:\/\/www.fh2mre.ma\/ar\/wp-json\/wp\/v2\/categories?post=75"},{"taxonomy":"post_tag","embeddable":true,"href":"https:\/\/www.fh2mre.ma\/ar\/wp-json\/wp\/v2\/tags?post=75"}],"curies":[{"name":"wp","href":"https:\/\/api.w.org\/{rel}","templated":true}]}}